{"id":774,"date":"2023-01-14T11:44:27","date_gmt":"2023-01-14T11:44:27","guid":{"rendered":"https:\/\/sensorische-integration.at\/?p=774"},"modified":"2023-03-11T14:16:29","modified_gmt":"2023-03-11T14:16:29","slug":"annonym","status":"publish","type":"post","link":"https:\/\/sensorische-integration.at\/?p=774","title":{"rendered":"In- House Schulung Krabbelstube"},"content":{"rendered":"\n<p>\u201eBehalte dir deine Freude bei, damit steckst du an und kannst andere wunderbar motivieren! Auch deine Haltung war \u00e4u\u00dferst positiv und wertsch\u00e4tzend uns gegen\u00fcber. Du hast uns in keiner Weise unsere Kompetenz abgeschrieben. Im Gegenteil, du hast wirklich offen f\u00fcr unsere Meinungen gewirkt und die Erfahrung von Teilnehmerinnen, welche schon l\u00e4nger im Beruf sind wertgesch\u00e4tzt!\u201c<\/p>\n","protected":false},"excerpt":{"rendered":"<p>\u201eBehalte dir deine Freude bei, damit steckst du an und kannst andere wunderbar motivieren! Auch deine Haltung war \u00e4u\u00dferst positiv und wertsch\u00e4tzend uns gegen\u00fcber. Du hast uns in keiner Weise unsere Kompetenz abgeschrieben. Im Gegenteil, du hast wirklich offen f\u00fcr unsere Meinungen gewirkt und die Erfahrung von Teilnehmerinnen, welche schon l\u00e4nger im Beruf sind wertgesch\u00e4tzt!\u201c<\/p>\n","protected":false},"author":2,"featured_media":722,"comment_status":"closed","ping_status":"closed","sticky":false,"template":"","format":"standard","meta":{"footnotes":""},"categories":[19],"tags":[],"class_list":["post-774","post","type-post","status-publish","format-standard","has-post-thumbnail","hentry","category-feedback"],"yoast_head":"<!-- This site is optimized with the Yoast SEO plugin v20.2.1 - https:\/\/yoast.com\/wordpress\/plugins\/seo\/ -->\n<title>In- House Schulung Krabbelstube - Sensorische Integration<\/title>\n<meta name=\"robots\" content=\"index, follow, max-snippet:-1, max-image-preview:large, max-video-preview:-1\" \/>\n<link rel=\"canonical\" href=\"https:\/\/sensorische-integration.at\/?p=774\" \/>\n<meta property=\"og:locale\" content=\"de_DE\" \/>\n<meta property=\"og:type\" content=\"article\" \/>\n<meta property=\"og:title\" content=\"In- House Schulung Krabbelstube - Sensorische Integration\" \/>\n<meta property=\"og:description\" content=\"\u201eBehalte dir deine Freude bei, damit steckst du an und kannst andere wunderbar motivieren! Auch deine Haltung war \u00e4u\u00dferst positiv und wertsch\u00e4tzend uns gegen\u00fcber. Du hast uns in keiner Weise unsere Kompetenz abgeschrieben. Im Gegenteil, du hast wirklich offen f\u00fcr unsere Meinungen gewirkt und die Erfahrung von Teilnehmerinnen, welche schon l\u00e4nger im Beruf sind wertgesch\u00e4tzt!\u201c\" \/>\n<meta property=\"og:url\" content=\"https:\/\/sensorische-integration.at\/?p=774\" \/>\n<meta property=\"og:site_name\" content=\"Sensorische Integration\" \/>\n<meta property=\"article:published_time\" content=\"2023-01-14T11:44:27+00:00\" \/>\n<meta property=\"article:modified_time\" content=\"2023-03-11T14:16:29+00:00\" \/>\n<meta property=\"og:image\" content=\"https:\/\/sensorische-integration.at\/wp-content\/uploads\/2023\/03\/Screenshot-2023-03-03-111800.png\" \/>\n\t<meta property=\"og:image:width\" content=\"558\" \/>\n\t<meta property=\"og:image:height\" content=\"494\" \/>\n\t<meta property=\"og:image:type\" content=\"image\/png\" \/>\n<meta name=\"author\" content=\"Bettina Schnitzinger\" \/>\n<meta name=\"twitter:card\" content=\"summary_large_image\" \/>\n<meta name=\"twitter:label1\" content=\"Verfasst von\" \/>\n\t<meta name=\"twitter:data1\" content=\"Bettina Schnitzinger\" \/>\n\t<meta name=\"twitter:label2\" content=\"Gesch\u00e4tzte Lesezeit\" \/>\n\t<meta name=\"twitter:data2\" content=\"1\u00a0Minute\" \/>\n<script type=\"application\/ld+json\" class=\"yoast-schema-graph\">{\"@context\":\"https:\/\/schema.org\",\"@graph\":[{\"@type\":\"Article\",\"@id\":\"https:\/\/sensorische-integration.at\/?p=774#article\",\"isPartOf\":{\"@id\":\"https:\/\/sensorische-integration.at\/?p=774\"},\"author\":{\"name\":\"Bettina Schnitzinger\",\"@id\":\"https:\/\/sensorische-integration.at\/#\/schema\/person\/fbb745168fc5332f1f775ccc8f3a884a\"},\"headline\":\"In- House Schulung Krabbelstube\",\"datePublished\":\"2023-01-14T11:44:27+00:00\",\"dateModified\":\"2023-03-11T14:16:29+00:00\",\"mainEntityOfPage\":{\"@id\":\"https:\/\/sensorische-integration.at\/?p=774\"},\"wordCount\":65,\"publisher\":{\"@id\":\"https:\/\/sensorische-integration.at\/#organization\"},\"articleSection\":[\"Feedback\"],\"inLanguage\":\"de\"},{\"@type\":\"WebPage\",\"@id\":\"https:\/\/sensorische-integration.at\/?p=774\",\"url\":\"https:\/\/sensorische-integration.at\/?p=774\",\"name\":\"In- House Schulung Krabbelstube - Sensorische Integration\",\"isPartOf\":{\"@id\":\"https:\/\/sensorische-integration.at\/#website\"},\"datePublished\":\"2023-01-14T11:44:27+00:00\",\"dateModified\":\"2023-03-11T14:16:29+00:00\",\"breadcrumb\":{\"@id\":\"https:\/\/sensorische-integration.at\/?p=774#breadcrumb\"},\"inLanguage\":\"de\",\"potentialAction\":[{\"@type\":\"ReadAction\",\"target\":[\"https:\/\/sensorische-integration.at\/?p=774\"]}]},{\"@type\":\"BreadcrumbList\",\"@id\":\"https:\/\/sensorische-integration.at\/?p=774#breadcrumb\",\"itemListElement\":[{\"@type\":\"ListItem\",\"position\":1,\"name\":\"Startseite\",\"item\":\"https:\/\/sensorische-integration.at\/\"},{\"@type\":\"ListItem\",\"position\":2,\"name\":\"In- House Schulung Krabbelstube\"}]},{\"@type\":\"WebSite\",\"@id\":\"https:\/\/sensorische-integration.at\/#website\",\"url\":\"https:\/\/sensorische-integration.at\/\",\"name\":\"Sensorische Integration\",\"description\":\"Bettina Schnitzinger\",\"publisher\":{\"@id\":\"https:\/\/sensorische-integration.at\/#organization\"},\"potentialAction\":[{\"@type\":\"SearchAction\",\"target\":{\"@type\":\"EntryPoint\",\"urlTemplate\":\"https:\/\/sensorische-integration.at\/?s={search_term_string}\"},\"query-input\":\"required name=search_term_string\"}],\"inLanguage\":\"de\"},{\"@type\":\"Organization\",\"@id\":\"https:\/\/sensorische-integration.at\/#organization\",\"name\":\"Sensorische Integration\",\"url\":\"https:\/\/sensorische-integration.at\/\",\"logo\":{\"@type\":\"ImageObject\",\"inLanguage\":\"de\",\"@id\":\"https:\/\/sensorische-integration.at\/#\/schema\/logo\/image\/\",\"url\":\"https:\/\/sensorische-integration.at\/wp-content\/uploads\/2022\/09\/bettina-schnitzinger-sensorische-integration-logo-weiss-2.png\",\"contentUrl\":\"https:\/\/sensorische-integration.at\/wp-content\/uploads\/2022\/09\/bettina-schnitzinger-sensorische-integration-logo-weiss-2.png\",\"width\":946,\"height\":252,\"caption\":\"Sensorische Integration\"},\"image\":{\"@id\":\"https:\/\/sensorische-integration.at\/#\/schema\/logo\/image\/\"}},{\"@type\":\"Person\",\"@id\":\"https:\/\/sensorische-integration.at\/#\/schema\/person\/fbb745168fc5332f1f775ccc8f3a884a\",\"name\":\"Bettina Schnitzinger\",\"image\":{\"@type\":\"ImageObject\",\"inLanguage\":\"de\",\"@id\":\"https:\/\/sensorische-integration.at\/#\/schema\/person\/image\/\",\"url\":\"https:\/\/secure.gravatar.com\/avatar\/80c8e967072f69ab5a492c1d80d3274a7ec177974db7cbf4f0daeef1536f04be?s=96&d=mm&r=g\",\"contentUrl\":\"https:\/\/secure.gravatar.com\/avatar\/80c8e967072f69ab5a492c1d80d3274a7ec177974db7cbf4f0daeef1536f04be?s=96&d=mm&r=g\",\"caption\":\"Bettina Schnitzinger\"},\"url\":\"https:\/\/sensorische-integration.at\/?author=2\"}]}<\/script>\n<!-- \/ Yoast SEO plugin. -->","yoast_head_json":{"title":"In- House Schulung Krabbelstube - Sensorische Integration","robots":{"index":"index","follow":"follow","max-snippet":"max-snippet:-1","max-image-preview":"max-image-preview:large","max-video-preview":"max-video-preview:-1"},"canonical":"https:\/\/sensorische-integration.at\/?p=774","og_locale":"de_DE","og_type":"article","og_title":"In- House Schulung Krabbelstube - Sensorische Integration","og_description":"\u201eBehalte dir deine Freude bei, damit steckst du an und kannst andere wunderbar motivieren! Auch deine Haltung war \u00e4u\u00dferst positiv und wertsch\u00e4tzend uns gegen\u00fcber. Du hast uns in keiner Weise unsere Kompetenz abgeschrieben. Im Gegenteil, du hast wirklich offen f\u00fcr unsere Meinungen gewirkt und die Erfahrung von Teilnehmerinnen, welche schon l\u00e4nger im Beruf sind wertgesch\u00e4tzt!\u201c","og_url":"https:\/\/sensorische-integration.at\/?p=774","og_site_name":"Sensorische Integration","article_published_time":"2023-01-14T11:44:27+00:00","article_modified_time":"2023-03-11T14:16:29+00:00","og_image":[{"width":558,"height":494,"url":"https:\/\/sensorische-integration.at\/wp-content\/uploads\/2023\/03\/Screenshot-2023-03-03-111800.png","type":"image\/png"}],"author":"Bettina Schnitzinger","twitter_card":"summary_large_image","twitter_misc":{"Verfasst von":"Bettina Schnitzinger","Gesch\u00e4tzte Lesezeit":"1\u00a0Minute"},"schema":{"@context":"https:\/\/schema.org","@graph":[{"@type":"Article","@id":"https:\/\/sensorische-integration.at\/?p=774#article","isPartOf":{"@id":"https:\/\/sensorische-integration.at\/?p=774"},"author":{"name":"Bettina Schnitzinger","@id":"https:\/\/sensorische-integration.at\/#\/schema\/person\/fbb745168fc5332f1f775ccc8f3a884a"},"headline":"In- House Schulung Krabbelstube","datePublished":"2023-01-14T11:44:27+00:00","dateModified":"2023-03-11T14:16:29+00:00","mainEntityOfPage":{"@id":"https:\/\/sensorische-integration.at\/?p=774"},"wordCount":65,"publisher":{"@id":"https:\/\/sensorische-integration.at\/#organization"},"articleSection":["Feedback"],"inLanguage":"de"},{"@type":"WebPage","@id":"https:\/\/sensorische-integration.at\/?p=774","url":"https:\/\/sensorische-integration.at\/?p=774","name":"In- House Schulung Krabbelstube - Sensorische Integration","isPartOf":{"@id":"https:\/\/sensorische-integration.at\/#website"},"datePublished":"2023-01-14T11:44:27+00:00","dateModified":"2023-03-11T14:16:29+00:00","breadcrumb":{"@id":"https:\/\/sensorische-integration.at\/?p=774#breadcrumb"},"inLanguage":"de","potentialAction":[{"@type":"ReadAction","target":["https:\/\/sensorische-integration.at\/?p=774"]}]},{"@type":"BreadcrumbList","@id":"https:\/\/sensorische-integration.at\/?p=774#breadcrumb","itemListElement":[{"@type":"ListItem","position":1,"name":"Startseite","item":"https:\/\/sensorische-integration.at\/"},{"@type":"ListItem","position":2,"name":"In- House Schulung Krabbelstube"}]},{"@type":"WebSite","@id":"https:\/\/sensorische-integration.at\/#website","url":"https:\/\/sensorische-integration.at\/","name":"Sensorische Integration","description":"Bettina Schnitzinger","publisher":{"@id":"https:\/\/sensorische-integration.at\/#organization"},"potentialAction":[{"@type":"SearchAction","target":{"@type":"EntryPoint","urlTemplate":"https:\/\/sensorische-integration.at\/?s={search_term_string}"},"query-input":"required name=search_term_string"}],"inLanguage":"de"},{"@type":"Organization","@id":"https:\/\/sensorische-integration.at\/#organization","name":"Sensorische Integration","url":"https:\/\/sensorische-integration.at\/","logo":{"@type":"ImageObject","inLanguage":"de","@id":"https:\/\/sensorische-integration.at\/#\/schema\/logo\/image\/","url":"https:\/\/sensorische-integration.at\/wp-content\/uploads\/2022\/09\/bettina-schnitzinger-sensorische-integration-logo-weiss-2.png","contentUrl":"https:\/\/sensorische-integration.at\/wp-content\/uploads\/2022\/09\/bettina-schnitzinger-sensorische-integration-logo-weiss-2.png","width":946,"height":252,"caption":"Sensorische Integration"},"image":{"@id":"https:\/\/sensorische-integration.at\/#\/schema\/logo\/image\/"}},{"@type":"Person","@id":"https:\/\/sensorische-integration.at\/#\/schema\/person\/fbb745168fc5332f1f775ccc8f3a884a","name":"Bettina Schnitzinger","image":{"@type":"ImageObject","inLanguage":"de","@id":"https:\/\/sensorische-integration.at\/#\/schema\/person\/image\/","url":"https:\/\/secure.gravatar.com\/avatar\/80c8e967072f69ab5a492c1d80d3274a7ec177974db7cbf4f0daeef1536f04be?s=96&d=mm&r=g","contentUrl":"https:\/\/secure.gravatar.com\/avatar\/80c8e967072f69ab5a492c1d80d3274a7ec177974db7cbf4f0daeef1536f04be?s=96&d=mm&r=g","caption":"Bettina Schnitzinger"},"url":"https:\/\/sensorische-integration.at\/?author=2"}]}},"jetpack_featured_media_url":"https:\/\/sensorische-integration.at\/wp-content\/uploads\/2023\/03\/Screenshot-2023-03-03-111800.png","_links":{"self":[{"href":"https:\/\/sensorische-integration.at\/index.php?rest_route=\/wp\/v2\/posts\/774","targetHints":{"allow":["GET"]}}],"collection":[{"href":"https:\/\/sensorische-integration.at\/index.php?rest_route=\/wp\/v2\/posts"}],"about":[{"href":"https:\/\/sensorische-integration.at\/index.php?rest_route=\/wp\/v2\/types\/post"}],"author":[{"embeddable":true,"href":"https:\/\/sensorische-integration.at\/index.php?rest_route=\/wp\/v2\/users\/2"}],"replies":[{"embeddable":true,"href":"https:\/\/sensorische-integration.at\/index.php?rest_route=%2Fwp%2Fv2%2Fcomments&post=774"}],"version-history":[{"count":3,"href":"https:\/\/sensorische-integration.at\/index.php?rest_route=\/wp\/v2\/posts\/774\/revisions"}],"predecessor-version":[{"id":793,"href":"https:\/\/sensorische-integration.at\/index.php?rest_route=\/wp\/v2\/posts\/774\/revisions\/793"}],"wp:featuredmedia":[{"embeddable":true,"href":"https:\/\/sensorische-integration.at\/index.php?rest_route=\/wp\/v2\/media\/722"}],"wp:attachment":[{"href":"https:\/\/sensorische-integration.at\/index.php?rest_route=%2Fwp%2Fv2%2Fmedia&parent=774"}],"wp:term":[{"taxonomy":"category","embeddable":true,"href":"https:\/\/sensorische-integration.at\/index.php?rest_route=%2Fwp%2Fv2%2Fcategories&post=774"},{"taxonomy":"post_tag","embeddable":true,"href":"https:\/\/sensorische-integration.at\/index.php?rest_route=%2Fwp%2Fv2%2Ftags&post=774"}],"curies":[{"name":"wp","href":"https:\/\/api.w.org\/{rel}","templated":true}]}}